{"id":2106,"date":"2013-02-19T16:07:38","date_gmt":"2013-02-19T15:07:38","guid":{"rendered":"http:\/\/www.13thmonkey.de\/news\/?p=2106"},"modified":"2018-06-04T16:15:33","modified_gmt":"2018-06-04T14:15:33","slug":"13th-monkey-at-laerm-alarm-laerm-in-berlin","status":"publish","type":"post","link":"https:\/\/www.13thmonkey.de\/news\/monkeytalk-2013\/13th-monkey-at-laerm-alarm-laerm-in-berlin-02-19\/","title":{"rendered":"13th monkey @ l\u00e4rm alarm l\u00e4rm in berlin"},"content":{"rendered":"<p><img loading=\"lazy\" decoding=\"async\" class=\"alignnone size-full wp-image-2103\" alt=\"larmalarmvol2_600\" src=\"http:\/\/www.13thmonkey.de\/news\/wp-content\/uploads\/2013\/02\/larmalarmvol2_600.jpg\" width=\"424\" height=\"600\" srcset=\"https:\/\/www.13thmonkey.de\/news\/wp-content\/uploads\/2013\/02\/larmalarmvol2_600.jpg 424w, https:\/\/www.13thmonkey.de\/news\/wp-content\/uploads\/2013\/02\/larmalarmvol2_600-420x594.jpg 420w, https:\/\/www.13thmonkey.de\/news\/wp-content\/uploads\/2013\/02\/larmalarmvol2_600-35x50.jpg 35w\" sizes=\"auto, (max-width: 424px) 100vw, 424px\" \/><\/p>\n<p>Ganze 12 Stunden dauert das inzwischen zweite L\u00e4rm Alarm L\u00e4rm Festival, welches am Freitag den 22. M\u00e4rz 2013 im ZMF (Zur M\u00f6belfabrik) in Berlin stattfinden wird! Neben zahlreichen DJs (siehe Lineup etwas weiter unten), gibt es noch drei Liveacts, die zur Peaktime auftreten werden, neben Stories In Colour und C-dr\u00edk werden <strong>13th Monkey<\/strong> (der Headliner bei diesem Event) die Nacht zum Tag machen! Geplante Zeit f\u00fcr den 13th Monkey Auftritt: 3 Uhr Nachts. Zudem wird es bei diesem Event New Media Art Installationen, Visuals, Video Projektionen und Art Interventions im ganzen ZMF geben.<\/p>\n<p><strong>L\u00c4RM ALARM L\u00c4RM 2<\/strong><br \/>\nFreitag, 22. M\u00e4rz 2013, 24 Uhr<br \/>\nZMF (Zur M\u00f6belfabrik)<br \/>\nBrunnenstra\u00dfe 10<br \/>\n10119 Berlin<\/p>\n<p><em>Live:<\/em><br \/>\n<strong>13th Monkey<\/strong> (Hands Records \/ L\u00fcneburg)<br \/>\nC-dr\u00edk (Syrphe \/ Berlin)<br \/>\nStories In Colour (Snapshot Abstraction \/ Berlin)<\/p>\n<p><em>DJs:<\/em><br \/>\nA\/Ona (Drone \/ Berlin)<br \/>\nMargo (Lumi\u00e8re Bleue \/ Leipzig )<br \/>\nPetra Flurr (Sabbat \/ Berlin)<br \/>\nNekrobot (Sabbat \/ Athen, Berlin)<br \/>\nNeue K (Tiq \/ Berlin)<br \/>\nLithium (Tiq \/ Berlin)<br \/>\nUnhuman (L\u00e4rm-Alarm-L\u00e4rm, Species \/ Athen, Berlin)<br \/>\nAl Niklaus (L\u00e4rm-Alarm-L\u00e4rm \/ Paris, Berlin)<br \/>\nFofi Vrgd (New Media Art \/ Athen, London, Berlin)<\/p>\n<p>Mehr Info: <a href=\"http:\/\/www.larm-alarm-larm.co.nr\" target=\"_blank\">-&gt; larm-alarm-larm.co.nr<\/a> \/<a href=\"http:\/\/www.facebook.com\/events\/467671383286563\/\" target=\"_blank\">-&gt; FB Eventlink<\/a><\/p>\n<p><em>Update 20.03.2013:<\/em><\/p>\n<p><em>Timetable:<\/em><\/p>\n<p>TRANSistor Room:<br \/>\n11:59 &#8211; 01:00 \/\/ Al Niklaus [dj]<br \/>\n01:00 &#8211; 02:00 \/\/ Neue K [dj]<br \/>\n02:00 &#8211; 02:35 \/\/ Stories In Colour [live]<br \/>\n02:40 &#8211; 03:25 \/\/ C &#8211; Drick [live]<br \/>\n<strong>03:30 &#8211; 04:30 \/\/ 13th Monkey [live]<\/strong><br \/>\n04:30 &#8211; 05:00 \/\/ Unhuman [dj]<br \/>\n05:00 &#8211; 06:00 \/\/ Margo [dj]<br \/>\n06:00 &#8211; 08:00 \/\/ Unhuman [dj]<br \/>\n08:00 &#8211; 10:00 \/\/ Nekrobot [dj]<br \/>\n10:00 &#8211; 12:00 \/\/ A\/ Ona [dj]<\/p>\n<p>RESistor Room:<br \/>\n01:00 &#8211; 02:00 \/\/ Unhuman [dj]<br \/>\n02:00 &#8211; 03:00 \/\/ Lithium [dj]<br \/>\n03:00 &#8211; 04:00 \/\/ Margo [dj]<br \/>\n04:00 &#8211; 05:00 \/\/ Petra Flurr [dj]<br \/>\n05:00 &#8211; 06:00 \/\/ Lithium [dj]<br \/>\n06:00 &#8211; 07:00 \/\/ Neue K [dj]<br \/>\n07:00 &#8211; 8:00 \/\/ Petra Flurr [dj]<br \/>\n08:00 &#8211; 10:00 \/\/ Al Niklaus [dj]<\/p>\n<p>A 12 hours party with distorted rhythms, industrial, tech sounds and extremes will be the second L\u00e4rm Alarm L\u00e4rm festival which takes place on Friday, March 22nd 2013 at club ZMF (Zur M\u00f6belfabrik) in Berlin! Besides lots of djs, three live acts will play at peaktime: Stories In Colour, C-dr\u00edk and <strong>13th Monkey<\/strong> (who is headlining this event and will play around 3 am)! The event will also feature new media art installations, visualizations, video projections and art interventions throughout the ZMF space.<\/p>\n","protected":false},"excerpt":{"rendered":"<p><!--:de-->Am Freitag, den 22. M\u00e4rz 2013 findet im ZMF in Berlin das 2. L\u00e4rm Alarm L\u00e4rm Festival statt, Headliner ist 13th Monkey, &#8230;<!--:--><!--:en-->On Friday, March 22nd 2013 the L\u00e4rm Alarm L\u00e4rm 2 festival will happen at the ZMF in Berlin. Headliner is 13th Monkey, &#8230;<!--:--><\/p>\n","protected":false},"author":2,"featured_media":2116,"comment_status":"open","ping_status":"open","sticky":false,"template":"","format":"standard","meta":{"ngg_post_thumbnail":0,"footnotes":""},"categories":[18],"tags":[9,254,23,353,26,351,51,69,350,352],"class_list":["post-2106","post","type-post","status-publish","format-standard","has-post-thumbnail","hentry","category-termine","tag-13th-monkey","tag-berlin","tag-festival","tag-larm-alarm-larm","tag-live","tag-mobelfabrik","tag-set","tag-show","tag-zmf","tag-zur-mobelfabrik"],"yoast_head":"<!-- This site is optimized with the Yoast SEO plugin v27.2 - https:\/\/yoast.com\/product\/yoast-seo-wordpress\/ -->\n<title>13th monkey @ l\u00e4rm alarm l\u00e4rm in berlin - 13th MONKEY<\/title>\n<meta name=\"robots\" content=\"index, follow, max-snippet:-1, max-image-preview:large, max-video-preview:-1\" \/>\n<link rel=\"canonical\" href=\"https:\/\/www.13thmonkey.de\/news\/monkeytalk-2013\/13th-monkey-at-laerm-alarm-laerm-in-berlin-02-19\/\" \/>\n<meta property=\"og:locale\" content=\"de_DE\" \/>\n<meta property=\"og:type\" content=\"article\" \/>\n<meta property=\"og:title\" content=\"13th monkey @ l\u00e4rm alarm l\u00e4rm in berlin - 13th MONKEY\" \/>\n<meta property=\"og:description\" content=\"Am Freitag, den 22. M\u00e4rz 2013 findet im ZMF in Berlin das 2. L\u00e4rm Alarm L\u00e4rm Festival statt, Headliner ist 13th Monkey, ...On Friday, March 22nd 2013 the L\u00e4rm Alarm L\u00e4rm 2 festival will happen at the ZMF in Berlin. Headliner is 13th Monkey, ...\" \/>\n<meta property=\"og:url\" content=\"https:\/\/www.13thmonkey.de\/news\/monkeytalk-2013\/13th-monkey-at-laerm-alarm-laerm-in-berlin-02-19\/\" \/>\n<meta property=\"og:site_name\" content=\"13th MONKEY\" \/>\n<meta property=\"article:published_time\" content=\"2013-02-19T15:07:38+00:00\" \/>\n<meta property=\"article:modified_time\" content=\"2018-06-04T14:15:33+00:00\" \/>\n<meta property=\"og:image\" content=\"https:\/\/www.13thmonkey.de\/news\/wp-content\/uploads\/2013\/02\/larmalarmvol2banner6201.jpg\" \/>\n\t<meta property=\"og:image:width\" content=\"620\" \/>\n\t<meta property=\"og:image:height\" content=\"240\" \/>\n\t<meta property=\"og:image:type\" content=\"image\/jpeg\" \/>\n<meta name=\"author\" content=\"thedi\" \/>\n<meta name=\"twitter:card\" content=\"summary_large_image\" \/>\n<meta name=\"twitter:label1\" content=\"Verfasst von\" \/>\n\t<meta name=\"twitter:data1\" content=\"thedi\" \/>\n\t<meta name=\"twitter:label2\" content=\"Gesch\u00e4tzte Lesezeit\" \/>\n\t<meta name=\"twitter:data2\" content=\"2\u00a0Minuten\" \/>\n<script type=\"application\/ld+json\" class=\"yoast-schema-graph\">{\"@context\":\"https:\/\/schema.org\",\"@graph\":[{\"@type\":\"Article\",\"@id\":\"https:\/\/www.13thmonkey.de\/news\/monkeytalk-2013\/13th-monkey-at-laerm-alarm-laerm-in-berlin-02-19\/#article\",\"isPartOf\":{\"@id\":\"https:\/\/www.13thmonkey.de\/news\/monkeytalk-2013\/13th-monkey-at-laerm-alarm-laerm-in-berlin-02-19\/\"},\"author\":{\"name\":\"thedi\",\"@id\":\"https:\/\/www.13thmonkey.de\/news\/#\/schema\/person\/0ac5bde41388b23ecf01594262bfd591\"},\"headline\":\"13th monkey @ l\u00e4rm alarm l\u00e4rm in berlin\",\"datePublished\":\"2013-02-19T15:07:38+00:00\",\"dateModified\":\"2018-06-04T14:15:33+00:00\",\"mainEntityOfPage\":{\"@id\":\"https:\/\/www.13thmonkey.de\/news\/monkeytalk-2013\/13th-monkey-at-laerm-alarm-laerm-in-berlin-02-19\/\"},\"wordCount\":351,\"commentCount\":0,\"image\":{\"@id\":\"https:\/\/www.13thmonkey.de\/news\/monkeytalk-2013\/13th-monkey-at-laerm-alarm-laerm-in-berlin-02-19\/#primaryimage\"},\"thumbnailUrl\":\"https:\/\/www.13thmonkey.de\/news\/wp-content\/uploads\/2013\/02\/larmalarmvol2banner6201.jpg\",\"keywords\":[\"13th monkey\",\"berlin\",\"festival\",\"l\u00e4rm alarm l\u00e4rm\",\"live\",\"m\u00f6belfabrik\",\"set\",\"show\",\"zmf\",\"zur m\u00f6belfabrik\"],\"articleSection\":[\"termine\"],\"inLanguage\":\"de\",\"potentialAction\":[{\"@type\":\"CommentAction\",\"name\":\"Comment\",\"target\":[\"https:\/\/www.13thmonkey.de\/news\/monkeytalk-2013\/13th-monkey-at-laerm-alarm-laerm-in-berlin-02-19\/#respond\"]}]},{\"@type\":\"WebPage\",\"@id\":\"https:\/\/www.13thmonkey.de\/news\/monkeytalk-2013\/13th-monkey-at-laerm-alarm-laerm-in-berlin-02-19\/\",\"url\":\"https:\/\/www.13thmonkey.de\/news\/monkeytalk-2013\/13th-monkey-at-laerm-alarm-laerm-in-berlin-02-19\/\",\"name\":\"13th monkey @ l\u00e4rm alarm l\u00e4rm in berlin - 13th MONKEY\",\"isPartOf\":{\"@id\":\"https:\/\/www.13thmonkey.de\/news\/#website\"},\"primaryImageOfPage\":{\"@id\":\"https:\/\/www.13thmonkey.de\/news\/monkeytalk-2013\/13th-monkey-at-laerm-alarm-laerm-in-berlin-02-19\/#primaryimage\"},\"image\":{\"@id\":\"https:\/\/www.13thmonkey.de\/news\/monkeytalk-2013\/13th-monkey-at-laerm-alarm-laerm-in-berlin-02-19\/#primaryimage\"},\"thumbnailUrl\":\"https:\/\/www.13thmonkey.de\/news\/wp-content\/uploads\/2013\/02\/larmalarmvol2banner6201.jpg\",\"datePublished\":\"2013-02-19T15:07:38+00:00\",\"dateModified\":\"2018-06-04T14:15:33+00:00\",\"author\":{\"@id\":\"https:\/\/www.13thmonkey.de\/news\/#\/schema\/person\/0ac5bde41388b23ecf01594262bfd591\"},\"breadcrumb\":{\"@id\":\"https:\/\/www.13thmonkey.de\/news\/monkeytalk-2013\/13th-monkey-at-laerm-alarm-laerm-in-berlin-02-19\/#breadcrumb\"},\"inLanguage\":\"de\",\"potentialAction\":[{\"@type\":\"ReadAction\",\"target\":[\"https:\/\/www.13thmonkey.de\/news\/monkeytalk-2013\/13th-monkey-at-laerm-alarm-laerm-in-berlin-02-19\/\"]}]},{\"@type\":\"ImageObject\",\"inLanguage\":\"de\",\"@id\":\"https:\/\/www.13thmonkey.de\/news\/monkeytalk-2013\/13th-monkey-at-laerm-alarm-laerm-in-berlin-02-19\/#primaryimage\",\"url\":\"https:\/\/www.13thmonkey.de\/news\/wp-content\/uploads\/2013\/02\/larmalarmvol2banner6201.jpg\",\"contentUrl\":\"https:\/\/www.13thmonkey.de\/news\/wp-content\/uploads\/2013\/02\/larmalarmvol2banner6201.jpg\",\"width\":620,\"height\":240},{\"@type\":\"BreadcrumbList\",\"@id\":\"https:\/\/www.13thmonkey.de\/news\/monkeytalk-2013\/13th-monkey-at-laerm-alarm-laerm-in-berlin-02-19\/#breadcrumb\",\"itemListElement\":[{\"@type\":\"ListItem\",\"position\":1,\"name\":\"Startseite\",\"item\":\"https:\/\/www.13thmonkey.de\/news\/\"},{\"@type\":\"ListItem\",\"position\":2,\"name\":\"13th monkey @ l\u00e4rm alarm l\u00e4rm in berlin\"}]},{\"@type\":\"WebSite\",\"@id\":\"https:\/\/www.13thmonkey.de\/news\/#website\",\"url\":\"https:\/\/www.13thmonkey.de\/news\/\",\"name\":\"13th MONKEY\",\"description\":\"Digital Tech Fractures\",\"potentialAction\":[{\"@type\":\"SearchAction\",\"target\":{\"@type\":\"EntryPoint\",\"urlTemplate\":\"https:\/\/www.13thmonkey.de\/news\/?s={search_term_string}\"},\"query-input\":{\"@type\":\"PropertyValueSpecification\",\"valueRequired\":true,\"valueName\":\"search_term_string\"}}],\"inLanguage\":\"de\"},{\"@type\":\"Person\",\"@id\":\"https:\/\/www.13thmonkey.de\/news\/#\/schema\/person\/0ac5bde41388b23ecf01594262bfd591\",\"name\":\"thedi\",\"image\":{\"@type\":\"ImageObject\",\"inLanguage\":\"de\",\"@id\":\"https:\/\/secure.gravatar.com\/avatar\/a59a668aa06f797bddb5bd4b7c0bf77f00935533faaa30cfc0e62e47b26ffcda?s=96&d=mm&r=g\",\"url\":\"https:\/\/secure.gravatar.com\/avatar\/a59a668aa06f797bddb5bd4b7c0bf77f00935533faaa30cfc0e62e47b26ffcda?s=96&d=mm&r=g\",\"contentUrl\":\"https:\/\/secure.gravatar.com\/avatar\/a59a668aa06f797bddb5bd4b7c0bf77f00935533faaa30cfc0e62e47b26ffcda?s=96&d=mm&r=g\",\"caption\":\"thedi\"},\"sameAs\":[\"http:\/\/www.13thmonkey.de\"],\"url\":\"https:\/\/www.13thmonkey.de\/news\/monkeytalk-author\/thedi\/\"}]}<\/script>\n<!-- \/ Yoast SEO plugin. -->","yoast_head_json":{"title":"13th monkey @ l\u00e4rm alarm l\u00e4rm in berlin - 13th MONKEY","robots":{"index":"index","follow":"follow","max-snippet":"max-snippet:-1","max-image-preview":"max-image-preview:large","max-video-preview":"max-video-preview:-1"},"canonical":"https:\/\/www.13thmonkey.de\/news\/monkeytalk-2013\/13th-monkey-at-laerm-alarm-laerm-in-berlin-02-19\/","og_locale":"de_DE","og_type":"article","og_title":"13th monkey @ l\u00e4rm alarm l\u00e4rm in berlin - 13th MONKEY","og_description":"Am Freitag, den 22. M\u00e4rz 2013 findet im ZMF in Berlin das 2. L\u00e4rm Alarm L\u00e4rm Festival statt, Headliner ist 13th Monkey, ...On Friday, March 22nd 2013 the L\u00e4rm Alarm L\u00e4rm 2 festival will happen at the ZMF in Berlin. Headliner is 13th Monkey, ...","og_url":"https:\/\/www.13thmonkey.de\/news\/monkeytalk-2013\/13th-monkey-at-laerm-alarm-laerm-in-berlin-02-19\/","og_site_name":"13th MONKEY","article_published_time":"2013-02-19T15:07:38+00:00","article_modified_time":"2018-06-04T14:15:33+00:00","og_image":[{"width":620,"height":240,"url":"https:\/\/www.13thmonkey.de\/news\/wp-content\/uploads\/2013\/02\/larmalarmvol2banner6201.jpg","type":"image\/jpeg"}],"author":"thedi","twitter_card":"summary_large_image","twitter_misc":{"Verfasst von":"thedi","Gesch\u00e4tzte Lesezeit":"2\u00a0Minuten"},"schema":{"@context":"https:\/\/schema.org","@graph":[{"@type":"Article","@id":"https:\/\/www.13thmonkey.de\/news\/monkeytalk-2013\/13th-monkey-at-laerm-alarm-laerm-in-berlin-02-19\/#article","isPartOf":{"@id":"https:\/\/www.13thmonkey.de\/news\/monkeytalk-2013\/13th-monkey-at-laerm-alarm-laerm-in-berlin-02-19\/"},"author":{"name":"thedi","@id":"https:\/\/www.13thmonkey.de\/news\/#\/schema\/person\/0ac5bde41388b23ecf01594262bfd591"},"headline":"13th monkey @ l\u00e4rm alarm l\u00e4rm in berlin","datePublished":"2013-02-19T15:07:38+00:00","dateModified":"2018-06-04T14:15:33+00:00","mainEntityOfPage":{"@id":"https:\/\/www.13thmonkey.de\/news\/monkeytalk-2013\/13th-monkey-at-laerm-alarm-laerm-in-berlin-02-19\/"},"wordCount":351,"commentCount":0,"image":{"@id":"https:\/\/www.13thmonkey.de\/news\/monkeytalk-2013\/13th-monkey-at-laerm-alarm-laerm-in-berlin-02-19\/#primaryimage"},"thumbnailUrl":"https:\/\/www.13thmonkey.de\/news\/wp-content\/uploads\/2013\/02\/larmalarmvol2banner6201.jpg","keywords":["13th monkey","berlin","festival","l\u00e4rm alarm l\u00e4rm","live","m\u00f6belfabrik","set","show","zmf","zur m\u00f6belfabrik"],"articleSection":["termine"],"inLanguage":"de","potentialAction":[{"@type":"CommentAction","name":"Comment","target":["https:\/\/www.13thmonkey.de\/news\/monkeytalk-2013\/13th-monkey-at-laerm-alarm-laerm-in-berlin-02-19\/#respond"]}]},{"@type":"WebPage","@id":"https:\/\/www.13thmonkey.de\/news\/monkeytalk-2013\/13th-monkey-at-laerm-alarm-laerm-in-berlin-02-19\/","url":"https:\/\/www.13thmonkey.de\/news\/monkeytalk-2013\/13th-monkey-at-laerm-alarm-laerm-in-berlin-02-19\/","name":"13th monkey @ l\u00e4rm alarm l\u00e4rm in berlin - 13th MONKEY","isPartOf":{"@id":"https:\/\/www.13thmonkey.de\/news\/#website"},"primaryImageOfPage":{"@id":"https:\/\/www.13thmonkey.de\/news\/monkeytalk-2013\/13th-monkey-at-laerm-alarm-laerm-in-berlin-02-19\/#primaryimage"},"image":{"@id":"https:\/\/www.13thmonkey.de\/news\/monkeytalk-2013\/13th-monkey-at-laerm-alarm-laerm-in-berlin-02-19\/#primaryimage"},"thumbnailUrl":"https:\/\/www.13thmonkey.de\/news\/wp-content\/uploads\/2013\/02\/larmalarmvol2banner6201.jpg","datePublished":"2013-02-19T15:07:38+00:00","dateModified":"2018-06-04T14:15:33+00:00","author":{"@id":"https:\/\/www.13thmonkey.de\/news\/#\/schema\/person\/0ac5bde41388b23ecf01594262bfd591"},"breadcrumb":{"@id":"https:\/\/www.13thmonkey.de\/news\/monkeytalk-2013\/13th-monkey-at-laerm-alarm-laerm-in-berlin-02-19\/#breadcrumb"},"inLanguage":"de","potentialAction":[{"@type":"ReadAction","target":["https:\/\/www.13thmonkey.de\/news\/monkeytalk-2013\/13th-monkey-at-laerm-alarm-laerm-in-berlin-02-19\/"]}]},{"@type":"ImageObject","inLanguage":"de","@id":"https:\/\/www.13thmonkey.de\/news\/monkeytalk-2013\/13th-monkey-at-laerm-alarm-laerm-in-berlin-02-19\/#primaryimage","url":"https:\/\/www.13thmonkey.de\/news\/wp-content\/uploads\/2013\/02\/larmalarmvol2banner6201.jpg","contentUrl":"https:\/\/www.13thmonkey.de\/news\/wp-content\/uploads\/2013\/02\/larmalarmvol2banner6201.jpg","width":620,"height":240},{"@type":"BreadcrumbList","@id":"https:\/\/www.13thmonkey.de\/news\/monkeytalk-2013\/13th-monkey-at-laerm-alarm-laerm-in-berlin-02-19\/#breadcrumb","itemListElement":[{"@type":"ListItem","position":1,"name":"Startseite","item":"https:\/\/www.13thmonkey.de\/news\/"},{"@type":"ListItem","position":2,"name":"13th monkey @ l\u00e4rm alarm l\u00e4rm in berlin"}]},{"@type":"WebSite","@id":"https:\/\/www.13thmonkey.de\/news\/#website","url":"https:\/\/www.13thmonkey.de\/news\/","name":"13th MONKEY","description":"Digital Tech Fractures","potentialAction":[{"@type":"SearchAction","target":{"@type":"EntryPoint","urlTemplate":"https:\/\/www.13thmonkey.de\/news\/?s={search_term_string}"},"query-input":{"@type":"PropertyValueSpecification","valueRequired":true,"valueName":"search_term_string"}}],"inLanguage":"de"},{"@type":"Person","@id":"https:\/\/www.13thmonkey.de\/news\/#\/schema\/person\/0ac5bde41388b23ecf01594262bfd591","name":"thedi","image":{"@type":"ImageObject","inLanguage":"de","@id":"https:\/\/secure.gravatar.com\/avatar\/a59a668aa06f797bddb5bd4b7c0bf77f00935533faaa30cfc0e62e47b26ffcda?s=96&d=mm&r=g","url":"https:\/\/secure.gravatar.com\/avatar\/a59a668aa06f797bddb5bd4b7c0bf77f00935533faaa30cfc0e62e47b26ffcda?s=96&d=mm&r=g","contentUrl":"https:\/\/secure.gravatar.com\/avatar\/a59a668aa06f797bddb5bd4b7c0bf77f00935533faaa30cfc0e62e47b26ffcda?s=96&d=mm&r=g","caption":"thedi"},"sameAs":["http:\/\/www.13thmonkey.de"],"url":"https:\/\/www.13thmonkey.de\/news\/monkeytalk-author\/thedi\/"}]}},"_links":{"self":[{"href":"https:\/\/www.13thmonkey.de\/news\/wp-json\/wp\/v2\/posts\/2106","targetHints":{"allow":["GET"]}}],"collection":[{"href":"https:\/\/www.13thmonkey.de\/news\/wp-json\/wp\/v2\/posts"}],"about":[{"href":"https:\/\/www.13thmonkey.de\/news\/wp-json\/wp\/v2\/types\/post"}],"author":[{"embeddable":true,"href":"https:\/\/www.13thmonkey.de\/news\/wp-json\/wp\/v2\/users\/2"}],"replies":[{"embeddable":true,"href":"https:\/\/www.13thmonkey.de\/news\/wp-json\/wp\/v2\/comments?post=2106"}],"version-history":[{"count":14,"href":"https:\/\/www.13thmonkey.de\/news\/wp-json\/wp\/v2\/posts\/2106\/revisions"}],"predecessor-version":[{"id":2629,"href":"https:\/\/www.13thmonkey.de\/news\/wp-json\/wp\/v2\/posts\/2106\/revisions\/2629"}],"wp:featuredmedia":[{"embeddable":true,"href":"https:\/\/www.13thmonkey.de\/news\/wp-json\/wp\/v2\/media\/2116"}],"wp:attachment":[{"href":"https:\/\/www.13thmonkey.de\/news\/wp-json\/wp\/v2\/media?parent=2106"}],"wp:term":[{"taxonomy":"category","embeddable":true,"href":"https:\/\/www.13thmonkey.de\/news\/wp-json\/wp\/v2\/categories?post=2106"},{"taxonomy":"post_tag","embeddable":true,"href":"https:\/\/www.13thmonkey.de\/news\/wp-json\/wp\/v2\/tags?post=2106"}],"curies":[{"name":"wp","href":"https:\/\/api.w.org\/{rel}","templated":true}]}}